{"id":1162,"date":"2013-01-09T14:51:10","date_gmt":"2013-01-09T14:51:10","guid":{"rendered":"http:\/\/meteor-institut.ch\/website\/?p=1162"},"modified":"2013-01-09T15:06:28","modified_gmt":"2013-01-09T15:06:28","slug":"korpersprache-steigern-sie-ihre-uberzeugungskraft","status":"publish","type":"post","link":"http:\/\/meteor-institut.ch\/website\/news\/korpersprache-steigern-sie-ihre-uberzeugungskraft\/","title":{"rendered":"K\u00f6rpersprache &#8211; Steigern Sie Ihre \u00dcberzeugungskraft"},"content":{"rendered":"<p>Man kann nicht nicht kommunizieren. Unser K\u00f6rper spricht immer. Gerade bei Pr\u00e4sentationen hinterlassen Mimik, Gestik, Tonfall, Haltung, Blickkontakt, Gang etc. einen bleibenden Eindruck. Durch den Einsatz von K\u00f6rpersprache steigern Sie Ihre \u00dcberzeugungskraft. Lesen Sie den aktuellen <span style=\"color: #ff6600;\"><a href=\"http:\/\/www.murba.ch\/koerpersprache\/\"><span style=\"color: #ff6600;\">Fingertipp<\/span><\/a><\/span>&#8230;<strong><br \/>\n<\/strong><\/p>\n","protected":false},"excerpt":{"rendered":"<p>Man kann nicht nicht kommunizieren. Unser K\u00f6rper spricht immer. Gerade bei Pr\u00e4sentationen hinterlassen Mimik, Gestik, Tonfall, Haltung, Blickkontakt, Gang etc. einen bleibenden Eindruck. Durch den Einsatz von K\u00f6rpersprache steigern Sie Ihre \u00dcberzeugungskraft. Lesen Sie den aktuellen Fingertipp&#8230;<\/p>\n","protected":false},"author":2,"featured_media":1168,"comment_status":"open","ping_status":"open","sticky":false,"template":"","format":"standard","meta":[],"categories":[4],"tags":[14,15,16,17,18,19,20,21,22,23,24,25,27,26,29,75,28,13],"_links":{"self":[{"href":"http:\/\/meteor-institut.ch\/website\/wp-json\/wp\/v2\/posts\/1162"}],"collection":[{"href":"http:\/\/meteor-institut.ch\/website\/wp-json\/wp\/v2\/posts"}],"about":[{"href":"http:\/\/meteor-institut.ch\/website\/wp-json\/wp\/v2\/types\/post"}],"author":[{"embeddable":true,"href":"http:\/\/meteor-institut.ch\/website\/wp-json\/wp\/v2\/users\/2"}],"replies":[{"embeddable":true,"href":"http:\/\/meteor-institut.ch\/website\/wp-json\/wp\/v2\/comments?post=1162"}],"version-history":[{"count":6,"href":"http:\/\/meteor-institut.ch\/website\/wp-json\/wp\/v2\/posts\/1162\/revisions"}],"predecessor-version":[{"id":1170,"href":"http:\/\/meteor-institut.ch\/website\/wp-json\/wp\/v2\/posts\/1162\/revisions\/1170"}],"wp:featuredmedia":[{"embeddable":true,"href":"http:\/\/meteor-institut.ch\/website\/wp-json\/wp\/v2\/media\/1168"}],"wp:attachment":[{"href":"http:\/\/meteor-institut.ch\/website\/wp-json\/wp\/v2\/media?parent=1162"}],"wp:term":[{"taxonomy":"category","embeddable":true,"href":"http:\/\/meteor-institut.ch\/website\/wp-json\/wp\/v2\/categories?post=1162"},{"taxonomy":"post_tag","embeddable":true,"href":"http:\/\/meteor-institut.ch\/website\/wp-json\/wp\/v2\/tags?post=1162"}],"curies":[{"name":"wp","href":"https:\/\/api.w.org\/{rel}","templated":true}]}}