{"id":1701,"date":"2013-12-02T10:03:43","date_gmt":"2013-12-02T10:03:43","guid":{"rendered":"http:\/\/meteor-institut.ch\/website\/?p=1701"},"modified":"2013-12-02T10:03:43","modified_gmt":"2013-12-02T10:03:43","slug":"open-house-event","status":"publish","type":"post","link":"http:\/\/meteor-institut.ch\/website\/news\/open-house-event\/","title":{"rendered":"Good News &#8211; Open House Event"},"content":{"rendered":"<p><a href=\"http:\/\/meteor-institut.ch\/website\/news\/open-house-event\/attachment\/oh7_web\/\" rel=\"attachment wp-att-1703\"><img loading=\"lazy\" class=\"alignleft  wp-image-1703\" alt=\"oh7_web\" src=\"http:\/\/meteor-institut.ch\/website\/wp-content\/uploads\/2013\/12\/oh7_web-1024x384.jpg\" width=\"693\" height=\"260\" srcset=\"http:\/\/meteor-institut.ch\/website\/wp-content\/uploads\/2013\/12\/oh7_web-1024x384.jpg 1024w, http:\/\/meteor-institut.ch\/website\/wp-content\/uploads\/2013\/12\/oh7_web-300x112.jpg 300w, http:\/\/meteor-institut.ch\/website\/wp-content\/uploads\/2013\/12\/oh7_web.jpg 1629w\" sizes=\"(max-width: 693px) 100vw, 693px\" \/><\/a>Der pers\u00f6nlichen Einladung \u201cdas verflixte 7. Jahr ist vorbei\u201d folgen am Freitag, 29. November 2013 zahlreiche G\u00e4ste aus nah und fern zum Open House Event der Felix Murbach Marketing. In angenehmer Atmosph\u00e4re diskutieren, fachsimpeln, essen, trinken und lachen die tollen G\u00e4sten bis sp\u00e4t in den Abend.<\/p>\n<p>&nbsp;<\/p>\n<p>Besten Dank f\u00fcr die Teilnahme, Ihr Felix Murbach.<\/p>\n<p>&nbsp;<\/p>\n","protected":false},"excerpt":{"rendered":"<p>Der pers\u00f6nlichen Einladung \u201cdas verflixte 7. Jahr ist vorbei\u201d folgen am Freitag, 29. November 2013 zahlreiche G\u00e4ste aus nah und fern zum Open House Event der Felix Murbach Marketing. In angenehmer Atmosph\u00e4re diskutieren, fachsimpeln, essen, trinken und lachen die tollen G\u00e4sten bis sp\u00e4t in den Abend. &nbsp; Besten Dank f\u00fcr die Teilnahme, Ihr Felix Murbach. [&hellip;]<\/p>\n","protected":false},"author":2,"featured_media":1141,"comment_status":"open","ping_status":"open","sticky":false,"template":"","format":"standard","meta":[],"categories":[4],"tags":[14,15,16,17,18,19,20,21,22,30,23,24,25,27,26,29,75,31,28,13],"_links":{"self":[{"href":"http:\/\/meteor-institut.ch\/website\/wp-json\/wp\/v2\/posts\/1701"}],"collection":[{"href":"http:\/\/meteor-institut.ch\/website\/wp-json\/wp\/v2\/posts"}],"about":[{"href":"http:\/\/meteor-institut.ch\/website\/wp-json\/wp\/v2\/types\/post"}],"author":[{"embeddable":true,"href":"http:\/\/meteor-institut.ch\/website\/wp-json\/wp\/v2\/users\/2"}],"replies":[{"embeddable":true,"href":"http:\/\/meteor-institut.ch\/website\/wp-json\/wp\/v2\/comments?post=1701"}],"version-history":[{"count":5,"href":"http:\/\/meteor-institut.ch\/website\/wp-json\/wp\/v2\/posts\/1701\/revisions"}],"predecessor-version":[{"id":1707,"href":"http:\/\/meteor-institut.ch\/website\/wp-json\/wp\/v2\/posts\/1701\/revisions\/1707"}],"wp:featuredmedia":[{"embeddable":true,"href":"http:\/\/meteor-institut.ch\/website\/wp-json\/wp\/v2\/media\/1141"}],"wp:attachment":[{"href":"http:\/\/meteor-institut.ch\/website\/wp-json\/wp\/v2\/media?parent=1701"}],"wp:term":[{"taxonomy":"category","embeddable":true,"href":"http:\/\/meteor-institut.ch\/website\/wp-json\/wp\/v2\/categories?post=1701"},{"taxonomy":"post_tag","embeddable":true,"href":"http:\/\/meteor-institut.ch\/website\/wp-json\/wp\/v2\/tags?post=1701"}],"curies":[{"name":"wp","href":"https:\/\/api.w.org\/{rel}","templated":true}]}}