{"id":1931,"date":"2014-08-10T07:36:36","date_gmt":"2014-08-10T07:36:36","guid":{"rendered":"http:\/\/meteor-institut.ch\/website\/?p=1931"},"modified":"2014-08-11T09:02:55","modified_gmt":"2014-08-11T09:02:55","slug":"good-news","status":"publish","type":"post","link":"http:\/\/meteor-institut.ch\/website\/news\/good-news\/","title":{"rendered":"Good News"},"content":{"rendered":"<h3><span style=\"color: #ff6600;\">10. August 2014: And the Award goes to\u2026<\/span><\/h3>\n<p>Ende Juni wurden die erfolgreichen Kandidatinnen und Kandidaten der Marketingfachleute-Ausbildung in Bern gefeiert. Als H\u00f6hepunkt f\u00fcr das meteor Institut durfte unsere Sch\u00fclerin Frau Sabrina R\u00fctimann den Award f\u00fcr die <strong>schweizweit beste m\u00fcndliche Pr\u00fcfung<\/strong> entgegennehmen. Im Namen der Schulleitung gratulieren wir Sabrina ganz herzlich.<\/p>\n<p><a href=\"http:\/\/meteor-institut.ch\/website\/marketingfachleute\/\" target=\"_blank\"><img loading=\"lazy\" alt=\"\" src=\"https:\/\/gallery.mailchimp.com\/dfa1bbfb0c5ebd0f14a31970a\/images\/cd5848e5-27c1-4ef7-bf87-870fcd2ef827.png\" width=\"480\" height=\"270\" align=\"none\" \/><\/a><\/p>\n<h3><span style=\"color: #ff6600;\"><strong><strong>Wir lehren was wir leben.<\/strong><\/strong><\/span><\/h3>\n","protected":false},"excerpt":{"rendered":"<p>10. August 2014: And the Award goes to\u2026 Ende Juni wurden die erfolgreichen Kandidatinnen und Kandidaten der Marketingfachleute-Ausbildung in Bern gefeiert. Als H\u00f6hepunkt f\u00fcr das meteor Institut durfte unsere Sch\u00fclerin Frau Sabrina R\u00fctimann den Award f\u00fcr die schweizweit beste m\u00fcndliche Pr\u00fcfung entgegennehmen. Im Namen der Schulleitung gratulieren wir Sabrina ganz herzlich. Wir lehren was wir [&hellip;]<\/p>\n","protected":false},"author":2,"featured_media":968,"comment_status":"open","ping_status":"open","sticky":false,"template":"","format":"standard","meta":[],"categories":[4],"tags":[14,15,16,18,19,20,25,27,29,75,11],"_links":{"self":[{"href":"http:\/\/meteor-institut.ch\/website\/wp-json\/wp\/v2\/posts\/1931"}],"collection":[{"href":"http:\/\/meteor-institut.ch\/website\/wp-json\/wp\/v2\/posts"}],"about":[{"href":"http:\/\/meteor-institut.ch\/website\/wp-json\/wp\/v2\/types\/post"}],"author":[{"embeddable":true,"href":"http:\/\/meteor-institut.ch\/website\/wp-json\/wp\/v2\/users\/2"}],"replies":[{"embeddable":true,"href":"http:\/\/meteor-institut.ch\/website\/wp-json\/wp\/v2\/comments?post=1931"}],"version-history":[{"count":9,"href":"http:\/\/meteor-institut.ch\/website\/wp-json\/wp\/v2\/posts\/1931\/revisions"}],"predecessor-version":[{"id":1937,"href":"http:\/\/meteor-institut.ch\/website\/wp-json\/wp\/v2\/posts\/1931\/revisions\/1937"}],"wp:featuredmedia":[{"embeddable":true,"href":"http:\/\/meteor-institut.ch\/website\/wp-json\/wp\/v2\/media\/968"}],"wp:attachment":[{"href":"http:\/\/meteor-institut.ch\/website\/wp-json\/wp\/v2\/media?parent=1931"}],"wp:term":[{"taxonomy":"category","embeddable":true,"href":"http:\/\/meteor-institut.ch\/website\/wp-json\/wp\/v2\/categories?post=1931"},{"taxonomy":"post_tag","embeddable":true,"href":"http:\/\/meteor-institut.ch\/website\/wp-json\/wp\/v2\/tags?post=1931"}],"curies":[{"name":"wp","href":"https:\/\/api.w.org\/{rel}","templated":true}]}}