{"id":4057,"date":"2019-03-01T08:38:11","date_gmt":"2019-03-01T08:38:11","guid":{"rendered":"http:\/\/meteor-institut.ch\/website\/?p=4057"},"modified":"2019-03-01T08:45:23","modified_gmt":"2019-03-01T08:45:23","slug":"marketingfachleute-lehrgang-2019-2021","status":"publish","type":"post","link":"http:\/\/meteor-institut.ch\/website\/news_tipps\/marketingfachleute-lehrgang-2019-2021\/","title":{"rendered":"Lehrgang 2019 &#8211; 2021"},"content":{"rendered":"<h1><span style=\"color: #ff6600;\">Marketingfachleute Lehrgang 2019 &#8211; 2021<\/span><\/h1>\n<p>&nbsp;<\/p>\n<p>Marketingfachleute mit eidg. Fachausweis sind auf dem Markt gesucht. Der eidg. Fachausweis verbessert\u00a0die Chancen auf dem Arbeitsmarkt\u00a0sowohl f\u00fcr den Marketingfachmann FA wie auch f\u00fcr die Marketingfachfrau FA.<\/p>\n<p>&nbsp;<\/p>\n<p><strong>meteor, das Marketinginstitut by Felix Murbach f\u00fchrt auch im <span style=\"color: #ff6600;\"><em><span style=\"text-decoration: underline;\"><a href=\"http:\/\/meteor-institut.ch\/website\/marketingfachleute\/\" target=\"_blank\"><span style=\"color: #ff6600; text-decoration: underline;\">2019 den Marketingfachleute<\/span><\/a><\/span><\/em><\/span>-Lehrgang durch.<\/strong><\/p>\n<p>&nbsp;<\/p>\n<p>W\u00e4hrend deiner Ausbildung am meteor Marketinginstitut legen wir grossen Wert auf den direkten Praxisbezug sowie auf dein pers\u00f6nliches Coaching. Nebst dem Besuch der einzelnen Kurse wirst du in der Pr\u00fcfungsvorbereitungs-Phase mit Marketing-Bootcamps an die eidg. Pr\u00fcfung herangef\u00fchrt. Dies und weitere Positionierungsmerkmale kommen durch die Bildung von <strong>Kleinklassen mit max. 10 Teilnehmenden pro Lehrgang<\/strong> glasklar zum Tragen und macht uns dank einem <strong>modularen Ausbildungskonzept schweizweit einzigartig erfolgreich<\/strong>.<\/p>\n<p>&nbsp;<\/p>\n<p>Weitere Informationen findest du hier, bei Fragen steht dir der Schulleiter\/Inhaber <span style=\"color: #ff6600;\"><em><span style=\"text-decoration: underline;\"><a href=\"mailto:felix.murbach@murba.ch\" target=\"_blank\"><span style=\"color: #ff6600; text-decoration: underline;\">Felix Murbach<\/span><\/a><\/span><\/em><\/span> sehr gerne pers\u00f6nlich zur Verf\u00fcgung.<\/p>\n<p>&nbsp;<\/p>\n<h1><\/h1>\n<h1><span style=\"color: #ff6600;\"><strong><strong><strong><strong>So macht Lernen Spass.<\/strong><\/strong><\/strong><\/strong><\/span><\/h1>\n<p>&nbsp;<\/p>\n<p>&nbsp;<\/p>\n<p>&nbsp;<\/p>\n","protected":false},"excerpt":{"rendered":"<p>Marketingfachleute Lehrgang 2019 &#8211; 2021 &nbsp; Marketingfachleute mit eidg. Fachausweis sind auf dem Markt gesucht. Der eidg. Fachausweis verbessert\u00a0die Chancen auf dem Arbeitsmarkt\u00a0sowohl f\u00fcr den Marketingfachmann FA wie auch f\u00fcr die Marketingfachfrau FA. &nbsp; meteor, das Marketinginstitut by Felix Murbach f\u00fchrt auch im 2019 den Marketingfachleute-Lehrgang durch. &nbsp; W\u00e4hrend deiner Ausbildung am meteor Marketinginstitut legen [&hellip;]<\/p>\n","protected":false},"author":2,"featured_media":3840,"comment_status":"open","ping_status":"open","sticky":false,"template":"","format":"standard","meta":[],"categories":[6],"tags":[14,51,59,15,44,73,74,36,16,17,62,38,34,63,35,39,40,48,18,42,60,64,19,20,52,53,21,61,49,50,22,37,30,54,65,23,55,24,45,47,25,32,56,66,27,26,57,58,29,67,33,72,68,31,69,70,28,71,13],"_links":{"self":[{"href":"http:\/\/meteor-institut.ch\/website\/wp-json\/wp\/v2\/posts\/4057"}],"collection":[{"href":"http:\/\/meteor-institut.ch\/website\/wp-json\/wp\/v2\/posts"}],"about":[{"href":"http:\/\/meteor-institut.ch\/website\/wp-json\/wp\/v2\/types\/post"}],"author":[{"embeddable":true,"href":"http:\/\/meteor-institut.ch\/website\/wp-json\/wp\/v2\/users\/2"}],"replies":[{"embeddable":true,"href":"http:\/\/meteor-institut.ch\/website\/wp-json\/wp\/v2\/comments?post=4057"}],"version-history":[{"count":14,"href":"http:\/\/meteor-institut.ch\/website\/wp-json\/wp\/v2\/posts\/4057\/revisions"}],"predecessor-version":[{"id":4074,"href":"http:\/\/meteor-institut.ch\/website\/wp-json\/wp\/v2\/posts\/4057\/revisions\/4074"}],"wp:featuredmedia":[{"embeddable":true,"href":"http:\/\/meteor-institut.ch\/website\/wp-json\/wp\/v2\/media\/3840"}],"wp:attachment":[{"href":"http:\/\/meteor-institut.ch\/website\/wp-json\/wp\/v2\/media?parent=4057"}],"wp:term":[{"taxonomy":"category","embeddable":true,"href":"http:\/\/meteor-institut.ch\/website\/wp-json\/wp\/v2\/categories?post=4057"},{"taxonomy":"post_tag","embeddable":true,"href":"http:\/\/meteor-institut.ch\/website\/wp-json\/wp\/v2\/tags?post=4057"}],"curies":[{"name":"wp","href":"https:\/\/api.w.org\/{rel}","templated":true}]}}